{"id":199,"date":"2018-04-19T10:24:31","date_gmt":"2018-04-19T10:24:31","guid":{"rendered":"https:\/\/www.prelud.hu\/?p=199"},"modified":"2018-04-19T18:51:05","modified_gmt":"2018-04-19T18:51:05","slug":"te-is-lehetsz-sztar","status":"publish","type":"post","link":"https:\/\/www.prelud.hu\/index.php\/2018\/04\/19\/te-is-lehetsz-sztar\/","title":{"rendered":"Te is lehetsz szt\u00e1r"},"content":{"rendered":"<p><a href=\"https:\/\/www.prelud.hu\/wp-content\/uploads\/2018\/04\/zanka.png\"><img loading=\"lazy\" decoding=\"async\" class=\"alignleft wp-image-194\" src=\"https:\/\/www.prelud.hu\/wp-content\/uploads\/2018\/04\/zanka.png\" alt=\"\" width=\"221\" height=\"127\" \/><\/a><\/p>\n<p style=\"text-align: center;\"><strong>TE IS LEHETSZ SZT\u00c1R<\/strong> tehets\u00e9gkutat\u00f3 verseny<\/p>\n<p>&nbsp;<\/p>\n<p>\u00d6r\u00f6mmel t\u00e1j\u00e9koztatjuk \u00d6n\u00f6ket arr\u00f3l, hogy int\u00e9zm\u00e9ny\u00fcnk 2016. okt\u00f3ber 1-j\u00e9n Kiv\u00e1l\u00f3 Akkredit\u00e1lt Tehets\u00e9gpontt\u00e1 v\u00e1lt. Els\u0151sorban \u00f6sszm\u0171v\u00e9szeti tehets\u00e9ggondoz\u00f3 programjaink magas sz\u00ednvonal\u00e1val v\u00edvtuk ki ezt a n\u00edv\u00f3s elismer\u00e9st.<\/p>\n<p>Szeretettel aj\u00e1nljuk figyelm\u00fckbe \u00e9s v\u00e1rjuk \u00d6n\u00f6ket, n\u00f6vend\u00e9keikkel a Bicskei Napok keret\u00e9n bel\u00fcl megrendez\u00e9sre ker\u00fcl\u0151 Te is lehetsz szt\u00e1r elnevez\u00e9s\u0171 tehets\u00e9gkutat\u00f3 versenyre 2018. m\u00e1jus 18-\u00e1n 10 \u00f3r\u00e1t\u00f3l a Pet\u0151fi M\u0171vel\u0151d\u00e9si K\u00f6zpontba.<\/p>\n<p>Els\u0151sorban m\u00e1r megl\u00e9v\u0151, a tan\u00e9v folyam\u00e1n ki\u00e9rlelt, megtanult, bemutatott produkci\u00f3kat v\u00e1runk \u00e9nek, t\u00e1nc, zene \u00e9s vers-pr\u00f3za-sz\u00ednj\u00e1tsz\u00e1s kateg\u00f3ri\u00e1kban.<\/p>\n<p><!--more--><\/p>\n<p>A zs\u0171ri az adott szakmai \u00e1g kiemelked\u0151 k\u00e9pvisel\u0151ib\u0151l \u00e1ll, j\u00f3 tan\u00e1ccsal l\u00e1tja el majd a gyerekeket \u00e9s felk\u00e9sz\u00edt\u0151iket. A kiemelt tehets\u00e9get mutat\u00f3 tanul\u00f3k sz\u00e1m\u00e1ra lehet\u0151s\u00e9get biztos\u00edtunk arra, hogy a 2018. j\u00fanius 18-23-ig tart\u00f3 \u00f6sszm\u0171v\u00e9szeti t\u00e1borunkban r\u00e9szt vegyenek Z\u00e1nk\u00e1n.<\/p>\n<p>K\u00e9t k\u00fcl\u00f6nd\u00edjat is szeretn\u00e9nk kiadni: a legeredm\u00e9nyesebb int\u00e9zm\u00e9nynek \u00e9s a legjobb felk\u00e9sz\u00edt\u0151 tan\u00e1rnak.<\/p>\n<p>Lehet\u0151s\u00e9get szeretn\u00e9nk ezzel a programmal biztos\u00edtani arra, hogy az iskol\u00e1nkban foly\u00f3 \u00f6sszm\u0171v\u00e9szeti nevel\u00e9si programba betekint\u00e9st nyerjetek.<br \/>\nA rendezv\u00e9nyen kor\u00e1bban elk\u00e9sz\u00fclt produkci\u00f3kb\u00f3l l\u00e1thatnak r\u00e9szleteket.<br \/>\nMell\u00e9kelj\u00fck a jelentkez\u00e9si lapot (<a href=\"https:\/\/www.prelud.hu\/wp-content\/uploads\/2018\/04\/jelentkezes_tehetsegkutato.pdf\" target=\"_blank\" rel=\"noopener\">pdf<\/a> vagy<a href=\"https:\/\/www.prelud.hu\/wp-content\/uploads\/2018\/04\/jelentkezestehetsegkutato.docx\" target=\"_blank\" rel=\"noopener\"> word<\/a> form\u00e1tum), amit elektronikusan, postai \u00faton vagy szem\u00e9lyesen a titk\u00e1rs\u00e1gunkra k\u00e9r\u00fcnk eljuttatni.<\/p>\n<p>Jelentkez\u00e9si hat\u00e1rid\u0151: 2018. m\u00e1jus 10.<\/p>\n<p>Nagy-nagy szeretettel v\u00e1runk min\u00e9l t\u00f6bb produkci\u00f3t!<\/p>\n<p>&nbsp;<\/p>\n","protected":false},"excerpt":{"rendered":"<p>TE IS LEHETSZ SZT\u00c1R tehets\u00e9gkutat\u00f3 verseny &nbsp; \u00d6r\u00f6mmel t\u00e1j\u00e9koztatjuk \u00d6n\u00f6ket arr\u00f3l, hogy int\u00e9zm\u00e9ny\u00fcnk 2016. okt\u00f3ber 1-j\u00e9n Kiv\u00e1l\u00f3 Akkredit\u00e1lt Tehets\u00e9gpontt\u00e1 v\u00e1lt. Els\u0151sorban \u00f6sszm\u0171v\u00e9szeti tehets\u00e9ggondoz\u00f3 programjaink magas sz\u00ednvonal\u00e1val v\u00edvtuk ki ezt a n\u00edv\u00f3s elismer\u00e9st. Szeretettel aj\u00e1nljuk figyelm\u00fckbe \u00e9s v\u00e1rjuk \u00d6n\u00f6ket, n\u00f6vend\u00e9keikkel a Bicskei Napok keret\u00e9n bel\u00fcl megrendez\u00e9sre ker\u00fcl\u0151 Te is lehetsz szt\u00e1r elnevez\u00e9s\u0171 tehets\u00e9gkutat\u00f3 versenyre 2018. m\u00e1jus [&hellip;]<\/p>\n","protected":false},"author":2,"featured_media":0,"comment_status":"closed","ping_status":"closed","sticky":false,"template":"","format":"standard","meta":{"footnotes":""},"categories":[1],"tags":[],"class_list":["post-199","post","type-post","status-publish","format-standard","hentry","category-egyeb"],"_links":{"self":[{"href":"https:\/\/www.prelud.hu\/index.php\/wp-json\/wp\/v2\/posts\/199","targetHints":{"allow":["GET"]}}],"collection":[{"href":"https:\/\/www.prelud.hu\/index.php\/wp-json\/wp\/v2\/posts"}],"about":[{"href":"https:\/\/www.prelud.hu\/index.php\/wp-json\/wp\/v2\/types\/post"}],"author":[{"embeddable":true,"href":"https:\/\/www.prelud.hu\/index.php\/wp-json\/wp\/v2\/users\/2"}],"replies":[{"embeddable":true,"href":"https:\/\/www.prelud.hu\/index.php\/wp-json\/wp\/v2\/comments?post=199"}],"version-history":[{"count":5,"href":"https:\/\/www.prelud.hu\/index.php\/wp-json\/wp\/v2\/posts\/199\/revisions"}],"predecessor-version":[{"id":218,"href":"https:\/\/www.prelud.hu\/index.php\/wp-json\/wp\/v2\/posts\/199\/revisions\/218"}],"wp:attachment":[{"href":"https:\/\/www.prelud.hu\/index.php\/wp-json\/wp\/v2\/media?parent=199"}],"wp:term":[{"taxonomy":"category","embeddable":true,"href":"https:\/\/www.prelud.hu\/index.php\/wp-json\/wp\/v2\/categories?post=199"},{"taxonomy":"post_tag","embeddable":true,"href":"https:\/\/www.prelud.hu\/index.php\/wp-json\/wp\/v2\/tags?post=199"}],"curies":[{"name":"wp","href":"https:\/\/api.w.org\/{rel}","templated":true}]}}