{"id":260,"date":"2018-09-27T17:36:18","date_gmt":"2018-09-27T17:36:18","guid":{"rendered":"https:\/\/www.prelud.hu\/?p=260"},"modified":"2018-09-27T17:41:08","modified_gmt":"2018-09-27T17:41:08","slug":"a-drama-tagozatos-osztaly-es-az-iskola-zenekaranak-eloadasa","status":"publish","type":"post","link":"https:\/\/www.prelud.hu\/index.php\/2018\/09\/27\/a-drama-tagozatos-osztaly-es-az-iskola-zenekaranak-eloadasa\/","title":{"rendered":"A dr\u00e1ma tagozatos oszt\u00e1ly \u00e9s az iskola zenekar\u00e1nak el\u0151ad\u00e1sa"},"content":{"rendered":"<div class=\"gmail_default\">\n<p><img loading=\"lazy\" decoding=\"async\" class=\"alignleft wp-image-261 \" src=\"https:\/\/www.prelud.hu\/wp-content\/uploads\/2018\/09\/drama-300x180.jpg\" alt=\"\" width=\"300\" height=\"180\" srcset=\"https:\/\/www.prelud.hu\/wp-content\/uploads\/2018\/09\/drama-300x180.jpg 300w, https:\/\/www.prelud.hu\/wp-content\/uploads\/2018\/09\/drama-768x461.jpg 768w, https:\/\/www.prelud.hu\/wp-content\/uploads\/2018\/09\/drama.jpg 900w\" sizes=\"auto, (max-width: 300px) 100vw, 300px\" \/><\/p>\n<p>Szeretettel megh\u00edvunk mindenkit a Prel\u00fadium AMI dr\u00e1ma tagozatos oszt\u00e1ly\u00e1nak \u00e9s az iskola zenekar\u00e1nak el\u0151ad\u00e1s\u00e1ra.<br \/>\nAz el\u0151ad\u00e1s helye:<br \/>\nSzent Mih\u00e1ly napi sokadalom<br \/>\nBicske, Kossuth t\u00e9r<br \/>\nIdeje: 2018.09.29. szombat, 18.15.<\/p>\n<\/div>\n<div class=\"gmail_default\">\n<div class=\"gmail_default\"><\/div>\n<\/div>\n","protected":false},"excerpt":{"rendered":"<p>Szeretettel megh\u00edvunk mindenkit a Prel\u00fadium AMI dr\u00e1ma tagozatos oszt\u00e1ly\u00e1nak \u00e9s az iskola zenekar\u00e1nak el\u0151ad\u00e1s\u00e1ra. Az el\u0151ad\u00e1s helye: Szent Mih\u00e1ly napi sokadalom Bicske, Kossuth t\u00e9r Ideje: 2018.09.29. szombat, 18.15.<\/p>\n","protected":false},"author":2,"featured_media":0,"comment_status":"closed","ping_status":"closed","sticky":false,"template":"","format":"standard","meta":{"footnotes":""},"categories":[1],"tags":[],"class_list":["post-260","post","type-post","status-publish","format-standard","hentry","category-egyeb"],"_links":{"self":[{"href":"https:\/\/www.prelud.hu\/index.php\/wp-json\/wp\/v2\/posts\/260","targetHints":{"allow":["GET"]}}],"collection":[{"href":"https:\/\/www.prelud.hu\/index.php\/wp-json\/wp\/v2\/posts"}],"about":[{"href":"https:\/\/www.prelud.hu\/index.php\/wp-json\/wp\/v2\/types\/post"}],"author":[{"embeddable":true,"href":"https:\/\/www.prelud.hu\/index.php\/wp-json\/wp\/v2\/users\/2"}],"replies":[{"embeddable":true,"href":"https:\/\/www.prelud.hu\/index.php\/wp-json\/wp\/v2\/comments?post=260"}],"version-history":[{"count":5,"href":"https:\/\/www.prelud.hu\/index.php\/wp-json\/wp\/v2\/posts\/260\/revisions"}],"predecessor-version":[{"id":266,"href":"https:\/\/www.prelud.hu\/index.php\/wp-json\/wp\/v2\/posts\/260\/revisions\/266"}],"wp:attachment":[{"href":"https:\/\/www.prelud.hu\/index.php\/wp-json\/wp\/v2\/media?parent=260"}],"wp:term":[{"taxonomy":"category","embeddable":true,"href":"https:\/\/www.prelud.hu\/index.php\/wp-json\/wp\/v2\/categories?post=260"},{"taxonomy":"post_tag","embeddable":true,"href":"https:\/\/www.prelud.hu\/index.php\/wp-json\/wp\/v2\/tags?post=260"}],"curies":[{"name":"wp","href":"https:\/\/api.w.org\/{rel}","templated":true}]}}