{"id":267,"date":"2018-09-27T17:42:35","date_gmt":"2018-09-27T17:42:35","guid":{"rendered":"https:\/\/www.prelud.hu\/?p=267"},"modified":"2018-09-27T17:42:35","modified_gmt":"2018-09-27T17:42:35","slug":"zene-vilagnapi-koncert","status":"publish","type":"post","link":"https:\/\/www.prelud.hu\/index.php\/2018\/09\/27\/zene-vilagnapi-koncert\/","title":{"rendered":"Zene vil\u00e1gnapi koncert"},"content":{"rendered":"<div class=\"gmail_default\"><img loading=\"lazy\" decoding=\"async\" class=\"alignleft wp-image-268 \" src=\"https:\/\/www.prelud.hu\/wp-content\/uploads\/2018\/09\/karmester-300x173.jpg\" alt=\"\" width=\"276\" height=\"159\" srcset=\"https:\/\/www.prelud.hu\/wp-content\/uploads\/2018\/09\/karmester-300x173.jpg 300w, https:\/\/www.prelud.hu\/wp-content\/uploads\/2018\/09\/karmester-768x444.jpg 768w, https:\/\/www.prelud.hu\/wp-content\/uploads\/2018\/09\/karmester.jpg 900w\" sizes=\"auto, (max-width: 276px) 100vw, 276px\" \/>Szeretettel megh\u00edvunk mindenkit a Prel\u00fadium AMI Zene vil\u00e1gnapi koncertj\u00e9re. Fell\u00e9pnek az iskola tan\u00e1rai \u00e9s n\u00f6vend\u00e9kei.<\/div>\n<div class=\"gmail_default\">Helysz\u00edn : Bicske, Katolikus templom<\/div>\n<div class=\"gmail_default\">Ideje: 2018.10.01.<\/div>\n","protected":false},"excerpt":{"rendered":"<p>Szeretettel megh\u00edvunk mindenkit a Prel\u00fadium AMI Zene vil\u00e1gnapi koncertj\u00e9re. Fell\u00e9pnek az iskola tan\u00e1rai \u00e9s n\u00f6vend\u00e9kei. Helysz\u00edn : Bicske, Katolikus templom Ideje: 2018.10.01.<\/p>\n","protected":false},"author":2,"featured_media":0,"comment_status":"closed","ping_status":"closed","sticky":false,"template":"","format":"standard","meta":{"footnotes":""},"categories":[1],"tags":[],"class_list":["post-267","post","type-post","status-publish","format-standard","hentry","category-egyeb"],"_links":{"self":[{"href":"https:\/\/www.prelud.hu\/index.php\/wp-json\/wp\/v2\/posts\/267","targetHints":{"allow":["GET"]}}],"collection":[{"href":"https:\/\/www.prelud.hu\/index.php\/wp-json\/wp\/v2\/posts"}],"about":[{"href":"https:\/\/www.prelud.hu\/index.php\/wp-json\/wp\/v2\/types\/post"}],"author":[{"embeddable":true,"href":"https:\/\/www.prelud.hu\/index.php\/wp-json\/wp\/v2\/users\/2"}],"replies":[{"embeddable":true,"href":"https:\/\/www.prelud.hu\/index.php\/wp-json\/wp\/v2\/comments?post=267"}],"version-history":[{"count":1,"href":"https:\/\/www.prelud.hu\/index.php\/wp-json\/wp\/v2\/posts\/267\/revisions"}],"predecessor-version":[{"id":269,"href":"https:\/\/www.prelud.hu\/index.php\/wp-json\/wp\/v2\/posts\/267\/revisions\/269"}],"wp:attachment":[{"href":"https:\/\/www.prelud.hu\/index.php\/wp-json\/wp\/v2\/media?parent=267"}],"wp:term":[{"taxonomy":"category","embeddable":true,"href":"https:\/\/www.prelud.hu\/index.php\/wp-json\/wp\/v2\/categories?post=267"},{"taxonomy":"post_tag","embeddable":true,"href":"https:\/\/www.prelud.hu\/index.php\/wp-json\/wp\/v2\/tags?post=267"}],"curies":[{"name":"wp","href":"https:\/\/api.w.org\/{rel}","templated":true}]}}