{"id":279,"date":"2019-01-31T10:10:10","date_gmt":"2019-01-31T10:10:10","guid":{"rendered":"https:\/\/www.prelud.hu\/?p=279"},"modified":"2019-01-31T10:25:33","modified_gmt":"2019-01-31T10:25:33","slug":"koncert-a-magyar-kultura-napjan","status":"publish","type":"post","link":"https:\/\/www.prelud.hu\/index.php\/2019\/01\/31\/koncert-a-magyar-kultura-napjan\/","title":{"rendered":"Koncert a Magyar Kult\u00fara Napj\u00e1n"},"content":{"rendered":"\n<div class=\"wp-block-image\"><figure class=\"alignleft\"><img loading=\"lazy\" decoding=\"async\" width=\"300\" height=\"200\" src=\"https:\/\/www.prelud.hu\/wp-content\/uploads\/2019\/01\/zongora_01_22DSC_6655.-300x200.jpg\" alt=\"\" class=\"wp-image-284\" srcset=\"https:\/\/www.prelud.hu\/wp-content\/uploads\/2019\/01\/zongora_01_22DSC_6655.-300x200.jpg 300w, https:\/\/www.prelud.hu\/wp-content\/uploads\/2019\/01\/zongora_01_22DSC_6655.-768x512.jpg 768w, https:\/\/www.prelud.hu\/wp-content\/uploads\/2019\/01\/zongora_01_22DSC_6655..jpg 1024w\" sizes=\"auto, (max-width: 300px) 100vw, 300px\" \/><\/figure><\/div>\n\n\n\n<p> Janu\u00e1r 22-\u00e9n a Magyar Kult\u00fara Napj\u00e1n tartottuk a f\u00e9l\u00e9vi zongora tanszaki  koncert\u00fcnket a Pet\u0151fi M\u0171vel\u0151d\u00e9si H\u00e1zban a Bicskei Csokonai \u00e1ltal\u00e1nos  iskola als\u00f3 tagozatosai sz\u00e1m\u00e1ra. <\/p>\n\n\n\n<!--more-->\n\n\n\n<p>A m\u0171sorunk\nt\u00e9m\u00e1ja &#8221; Magyar n\u00e9pdalok zongora \u00e1ttiratban&#8221; volt. A tengernyi\nszebbn\u00e9l szebb n\u00e9pdal k\u00f6z\u00fcl n\u00e9h\u00e1nyat mutattunk be az iskol\u00e1soknak.&nbsp; A\ntan\u00edtv\u00e1nyaim erre a m\u0171sorra is nagy lelkesed\u00e9ssel k\u00e9sz\u00fcltek, t\u00f6bben a felv\u00e9teli\nvizsga mellett szak\u00edtottak id\u0151t a gyakorl\u00e1sra. A m\u0171sort heged\u0171 \u00e9s fuvola\nhangszerek is sz\u00ednes\u00edtett\u00e9k. K\u00f6sz\u00f6n\u00f6m Ugr\u00f3czky Csilla heged\u0171 tan\u00e1rn\u0151 \u00e9s\ntan\u00edtv\u00e1nyainak sz\u00ednvonalas fell\u00e9p\u00e9s\u00e9t, valamint Baksay Ildik\u00f3 \u00e9s Gr\u00f3sz M\u00f3nika\nfuvolatan\u00e1rok felk\u00e9sz\u00edt\u0151 munk\u00e1j\u00e1t! N\u00e9pi \u00e9neket is hallhattunk Szanyi Bettina\nel\u0151ad\u00e1s\u00e1ban, aki kor\u00e1bban zongorista n\u00f6vend\u00e9kem volt.<\/p>\n\n\n\n<p>&nbsp;Az\nel\u0151ad\u00e1st a di\u00e1kok fegyelmezetten, nagy \u00e9rdekl\u0151d\u00e9ssel \u00e9s \u00e1hitattal hallgatt\u00e1k. A\nm\u0171sor v\u00e9g\u00e9n nagy tapsot \u00e9s sok kedves d\u00edcs\u00e9r\u0151 sz\u00f3t kaptunk, ami nagyon j\u00f3 \u00e9rz\u00e9s\nvolt minden r\u00e9sztvev\u0151 sz\u00e1m\u00e1ra.<\/p>\n\n\n\n<p>\u00dagy gondolom, hogy m\u00e9lt\u00f3an \u00fcnnepelt\u00fck a Magyar Kult\u00fara Napj\u00e1t! N\u00e9meth Tatjana zongora tan\u00e1rn\u0151 <\/p>\n\n\n\n<ul class=\"wp-block-gallery columns-2 is-cropped wp-block-gallery-1 is-layout-flex wp-block-gallery-is-layout-flex\"><li class=\"blocks-gallery-item\"><figure><a href=\"https:\/\/www.prelud.hu\/wp-content\/uploads\/2019\/01\/zongora_01_22DSC_6628.-1024x683.jpg\"><img loading=\"lazy\" decoding=\"async\" width=\"1024\" height=\"683\" src=\"https:\/\/www.prelud.hu\/wp-content\/uploads\/2019\/01\/zongora_01_22DSC_6628.-1024x683.jpg\" alt=\"\" data-id=\"287\" data-link=\"https:\/\/www.prelud.hu\/index.php\/2019\/01\/31\/koncert-a-magyar-kultura-napjan\/zongora_01_22dsc_6628\/\" class=\"wp-image-287\" srcset=\"https:\/\/www.prelud.hu\/wp-content\/uploads\/2019\/01\/zongora_01_22DSC_6628..jpg 1024w, https:\/\/www.prelud.hu\/wp-content\/uploads\/2019\/01\/zongora_01_22DSC_6628.-300x200.jpg 300w, https:\/\/www.prelud.hu\/wp-content\/uploads\/2019\/01\/zongora_01_22DSC_6628.-768x512.jpg 768w\" sizes=\"auto, (max-width: 1024px) 100vw, 1024px\" \/><\/a><\/figure><\/li><li class=\"blocks-gallery-item\"><figure><a href=\"https:\/\/www.prelud.hu\/wp-content\/uploads\/2019\/01\/zongora_01_22DSC_6655.-1-1024x683.jpg\"><img loading=\"lazy\" decoding=\"async\" width=\"1024\" height=\"683\" src=\"https:\/\/www.prelud.hu\/wp-content\/uploads\/2019\/01\/zongora_01_22DSC_6655.-1-1024x683.jpg\" alt=\"\" data-id=\"288\" data-link=\"https:\/\/www.prelud.hu\/index.php\/2019\/01\/31\/koncert-a-magyar-kultura-napjan\/zongora_01_22dsc_6655-2\/\" class=\"wp-image-288\" srcset=\"https:\/\/www.prelud.hu\/wp-content\/uploads\/2019\/01\/zongora_01_22DSC_6655.-1.jpg 1024w, https:\/\/www.prelud.hu\/wp-content\/uploads\/2019\/01\/zongora_01_22DSC_6655.-1-300x200.jpg 300w, https:\/\/www.prelud.hu\/wp-content\/uploads\/2019\/01\/zongora_01_22DSC_6655.-1-768x512.jpg 768w\" sizes=\"auto, (max-width: 1024px) 100vw, 1024px\" \/><\/a><\/figure><\/li><\/ul>\n","protected":false},"excerpt":{"rendered":"<p>Janu\u00e1r 22-\u00e9n a Magyar Kult\u00fara Napj\u00e1n tartottuk a f\u00e9l\u00e9vi zongora tanszaki koncert\u00fcnket a Pet\u0151fi M\u0171vel\u0151d\u00e9si H\u00e1zban a Bicskei Csokonai \u00e1ltal\u00e1nos iskola als\u00f3 tagozatosai sz\u00e1m\u00e1ra.<\/p>\n","protected":false},"author":2,"featured_media":0,"comment_status":"closed","ping_status":"closed","sticky":false,"template":"","format":"standard","meta":{"footnotes":""},"categories":[1],"tags":[],"class_list":["post-279","post","type-post","status-publish","format-standard","hentry","category-egyeb"],"_links":{"self":[{"href":"https:\/\/www.prelud.hu\/index.php\/wp-json\/wp\/v2\/posts\/279","targetHints":{"allow":["GET"]}}],"collection":[{"href":"https:\/\/www.prelud.hu\/index.php\/wp-json\/wp\/v2\/posts"}],"about":[{"href":"https:\/\/www.prelud.hu\/index.php\/wp-json\/wp\/v2\/types\/post"}],"author":[{"embeddable":true,"href":"https:\/\/www.prelud.hu\/index.php\/wp-json\/wp\/v2\/users\/2"}],"replies":[{"embeddable":true,"href":"https:\/\/www.prelud.hu\/index.php\/wp-json\/wp\/v2\/comments?post=279"}],"version-history":[{"count":10,"href":"https:\/\/www.prelud.hu\/index.php\/wp-json\/wp\/v2\/posts\/279\/revisions"}],"predecessor-version":[{"id":293,"href":"https:\/\/www.prelud.hu\/index.php\/wp-json\/wp\/v2\/posts\/279\/revisions\/293"}],"wp:attachment":[{"href":"https:\/\/www.prelud.hu\/index.php\/wp-json\/wp\/v2\/media?parent=279"}],"wp:term":[{"taxonomy":"category","embeddable":true,"href":"https:\/\/www.prelud.hu\/index.php\/wp-json\/wp\/v2\/categories?post=279"},{"taxonomy":"post_tag","embeddable":true,"href":"https:\/\/www.prelud.hu\/index.php\/wp-json\/wp\/v2\/tags?post=279"}],"curies":[{"name":"wp","href":"https:\/\/api.w.org\/{rel}","templated":true}]}}