{"id":296,"date":"2019-05-15T15:43:42","date_gmt":"2019-05-15T15:43:42","guid":{"rendered":"https:\/\/www.prelud.hu\/?p=296"},"modified":"2019-05-15T15:54:09","modified_gmt":"2019-05-15T15:54:09","slug":"felveteli-tajekoztato-2","status":"publish","type":"post","link":"https:\/\/www.prelud.hu\/index.php\/2019\/05\/15\/felveteli-tajekoztato-2\/","title":{"rendered":"FELV\u00c9TELI T\u00c1J\u00c9KOZTAT\u00d3"},"content":{"rendered":"<p><a href=\"https:\/\/www.prelud.hu\/wp-content\/uploads\/2018\/04\/FELV%C3%89TELI-T%C3%81J%C3%89KOZTAT%C3%93-2018-A4-es-1.pdf\"><img loading=\"lazy\" decoding=\"async\" class=\"alignleft wp-image-173\" src=\"https:\/\/www.prelud.hu\/wp-content\/uploads\/2018\/04\/preludfelveteli-236x300.jpg\" alt=\"\" width=\"278\" height=\"353\" srcset=\"https:\/\/www.prelud.hu\/wp-content\/uploads\/2018\/04\/preludfelveteli-236x300.jpg 236w, https:\/\/www.prelud.hu\/wp-content\/uploads\/2018\/04\/preludfelveteli.jpg 605w\" sizes=\"auto, (max-width: 278px) 100vw, 278px\" \/><\/a>FELV\u00c9TELI T\u00c1J\u00c9KOZTAT\u00d3<\/p>\n<p style=\"text-align: left;\">Tisztelt Sz\u00fcl\u0151k! Kedves Gyerekek!<\/p>\n<p style=\"text-align: left;\">A Bicskei Prel\u00fadium Alapfok\u00fa<br \/>\nM\u0171v\u00e9szeti Iskola<\/p>\n<p style=\"text-align: left;\"><strong>FELV\u00c9TELT HIRDET<\/strong><\/p>\n<p style=\"text-align: left;\">a 2019\/2020-as tan\u00e9vre<br \/>\n6. \u00e9let\u00e9v\u00fcket bet\u00f6lt\u00f6tt gyermekek \u00e9s b\u00e1rmely \u00e9rdekl\u0151d\u0151 sz\u00e1m\u00e1ra<\/p>\n<p><!--more--><\/p>\n<p><img loading=\"lazy\" decoding=\"async\" class=\"wp-image-174 alignright\" src=\"https:\/\/www.prelud.hu\/wp-content\/uploads\/2018\/04\/preludtehetseg.jpg\" alt=\"\" width=\"218\" height=\"218\" srcset=\"https:\/\/www.prelud.hu\/wp-content\/uploads\/2018\/04\/preludtehetseg.jpg 236w, https:\/\/www.prelud.hu\/wp-content\/uploads\/2018\/04\/preludtehetseg-150x150.jpg 150w\" sizes=\"auto, (max-width: 218px) 100vw, 218px\" \/><\/p>\n<p><strong>zenem\u0171v\u00e9szeti \u00e1gon:<\/strong><br \/>\nfurulya, fuvola, klarin\u00e9t, zongora, heged\u0171, gordonka, \u00fct\u0151, szintetiz\u00e1tor, trombita, tuba, git\u00e1r, n\u00e9pi \u00e9nek, n\u00e9pi furulya, n\u00e9pi heged\u0171<\/p>\n<p><strong>t\u00e1ncm\u0171v\u00e9szeti \u00e1gon: <\/strong>n\u00e9pt\u00e1nc,<\/p>\n<p><strong>sz\u00edn-, \u00e9s b\u00e1bm\u0171v\u00e9szeti \u00e1gon,<\/strong><\/p>\n<p>bicskei sz\u00e9khely\u00e9n tov\u00e1bb\u00e1: a V\u00e1rosi \u00d3vod\u00e1kban, a Bicskei Csokonai Vit\u00e9z Mih\u00e1ly \u00c1ltal\u00e1nos Iskol\u00e1ban, az alcs\u00fatdobozi J\u00f3zsef N\u00e1dor \u00c1ltal\u00e1nos Iskol\u00e1ban, a felcs\u00fati Endresz Gy\u00f6rgy \u00c1ltal\u00e1nos Iskol\u00e1ban, a Cs\u00e1kv\u00e1ri \u00d3vod\u00e1kban, a Csabdi Pet\u0151fi S\u00e1ndor \u00c1ltal\u00e1nos Iskol\u00e1ban \u00e9s a Sz\u00e1ri Romh\u00e1nyi Gy\u00f6rgy Nyelvoktat\u00f3 N\u00e9met Nemzetis\u00e9gi \u00c1ltal\u00e1nos Iskol\u00e1ban.<\/p>\n<p style=\"text-align: center;\"><strong>A 2007-ben kiv\u00e1l\u00f3ra min\u0151s\u00edtett m\u0171v\u00e9szeti iskola id\u00e9n \u00fcnnepli fenn\u00e1ll\u00e1s\u00e1nak 39. esztendej\u00e9t.<\/strong><\/p>\n<p style=\"text-align: center;\">Akkredit\u00e1lt tehets\u00e9ggondoz\u00f3 m\u0171hely\u00fcnk a PREL\u00daDIUM TEHETS\u00c9GPONT 2016-ban KIV\u00c1L\u00d3 min\u0151s\u00edt\u00e9st kapott.<\/p>\n<p style=\"text-align: left;\">A tehets\u00e9ggondoz\u00e1s kiemelt feladata iskol\u00e1nknak. \u00c9vr\u0151l \u00e9vre emelkedik iskol\u00e1nkban tanul\u00f3 tehets\u00e9ges gyermekek sz\u00e1ma.<br \/>\nSok tehets\u00e9g\u00fcnk indul orsz\u00e1gos \u00e9s ter\u00fcleti versenyeken, ahol gyakran \u00e9rnek el helyez\u00e9seket, nyernek d\u00edjakat. \u00c9vente szervez\u00fcnk tal\u00e1lkoz\u00f3kat, versenyeket, t\u00e1borokat, \u00e9s eredm\u00e9nyesen k\u00e9sz\u00edtj\u00fck fel a m\u0171v\u00e9szeti szakgimn\u00e1ziumok felv\u00e9telij\u00e9re n\u00f6vend\u00e9keinket, felv\u00e9teli statisztik\u00e1nk az elm\u00falt \u00e9vtizedek alatt 100%-os. A k\u00f6zel 40 \u00e9v alatt 20 m\u0171v\u00e9szt illetve zenetan\u00e1rt ind\u00edtottunk el p\u00e1ly\u00e1j\u00e1n.<br \/>\n<strong>A felv\u00e9teli meghallgat\u00e1s id\u0151pontja: 2019. j\u00fanius 17-18 (h\u00e9tf\u0151-kedd) 14.00-18.00 \u00f3r\u00e1ig. Helysz\u00edne: Prel\u00fadium M\u0171v\u00e9szeti Iskola Liszt-terme<\/strong><br \/>\nK\u00e9rj\u00fck, hogy a meghallgat\u00e1sra hozz\u00e1k magukkal a jelentkez\u00e9si lapot, melyet az \u00f3vod\u00e1kban \u00e9s iskol\u00e1kban k\u00e9rhetnek, vagy a honlapunkr\u00f3l let\u00f6lthetnek. A gyermekek kedvenc dalukkal k\u00e9sz\u00fcljenek.<br \/>\nA tov\u00e1bbi r\u00e9szletekr\u0151l \u00e9s a t\u00e9r\u00edt\u00e9si d\u00edjakr\u00f3l a m\u0171v\u00e9szeti iskola titk\u00e1rs\u00e1g\u00e1n \u00e9rdekl\u0151dhetnek h\u00e9tk\u00f6znapokon 8.00-17.00 \u00f3r\u00e1ig, a Bicske Szent Istv\u00e1n \u00fat 6. sz. alatt, vagy telefonon:<br \/>\na <strong>22\/565-109<\/strong>-es sz\u00e1mon, illetve a honlapunkon: <strong>www.prelud.hu<\/strong><\/p>\n<p>T\u00e1j\u00e9koztat\u00f3 let\u00f6lthet\u0151 form\u00e1tumban: <a href=\"https:\/\/www.prelud.hu\/wp-content\/uploads\/2019\/05\/FELVETELITAJEKOZTATO2019.pdf\" target=\"_blank\" rel=\"noopener noreferrer\">itt<\/a><br \/>\nJelentkez\u00e9si lap <a href=\"https:\/\/www.prelud.hu\/wp-content\/uploads\/2019\/05\/Jelentkezesilap2019.pdf\" target=\"_blank\" rel=\"noopener noreferrer\">PDF<\/a> vagy <a href=\"https:\/\/www.prelud.hu\/wp-content\/uploads\/2019\/05\/Jelentkezesilap2019.doc\" target=\"_blank\" rel=\"noopener noreferrer\">WORD<\/a> form\u00e1tumban.<br \/>\nAdategyeztet\u00e9si lap <a href=\"https:\/\/www.prelud.hu\/wp-content\/uploads\/2019\/05\/ADATEGYEZTETOLAP2019.pdf\" target=\"_blank\" rel=\"noopener noreferrer\">PDF<\/a> vagy <a href=\"https:\/\/www.prelud.hu\/wp-content\/uploads\/2019\/05\/ADATEGYEZTETOLAP2019.docx\" target=\"_blank\" rel=\"noopener noreferrer\">WORD<\/a> form\u00e1tumban.<\/p>\n","protected":false},"excerpt":{"rendered":"<p>FELV\u00c9TELI T\u00c1J\u00c9KOZTAT\u00d3 Tisztelt Sz\u00fcl\u0151k! Kedves Gyerekek! A Bicskei Prel\u00fadium Alapfok\u00fa M\u0171v\u00e9szeti Iskola FELV\u00c9TELT HIRDET a 2019\/2020-as tan\u00e9vre 6. \u00e9let\u00e9v\u00fcket bet\u00f6lt\u00f6tt gyermekek \u00e9s b\u00e1rmely \u00e9rdekl\u0151d\u0151 sz\u00e1m\u00e1ra<\/p>\n","protected":false},"author":2,"featured_media":0,"comment_status":"closed","ping_status":"closed","sticky":false,"template":"","format":"standard","meta":{"footnotes":""},"categories":[1],"tags":[],"class_list":["post-296","post","type-post","status-publish","format-standard","hentry","category-egyeb"],"_links":{"self":[{"href":"https:\/\/www.prelud.hu\/index.php\/wp-json\/wp\/v2\/posts\/296","targetHints":{"allow":["GET"]}}],"collection":[{"href":"https:\/\/www.prelud.hu\/index.php\/wp-json\/wp\/v2\/posts"}],"about":[{"href":"https:\/\/www.prelud.hu\/index.php\/wp-json\/wp\/v2\/types\/post"}],"author":[{"embeddable":true,"href":"https:\/\/www.prelud.hu\/index.php\/wp-json\/wp\/v2\/users\/2"}],"replies":[{"embeddable":true,"href":"https:\/\/www.prelud.hu\/index.php\/wp-json\/wp\/v2\/comments?post=296"}],"version-history":[{"count":9,"href":"https:\/\/www.prelud.hu\/index.php\/wp-json\/wp\/v2\/posts\/296\/revisions"}],"predecessor-version":[{"id":310,"href":"https:\/\/www.prelud.hu\/index.php\/wp-json\/wp\/v2\/posts\/296\/revisions\/310"}],"wp:attachment":[{"href":"https:\/\/www.prelud.hu\/index.php\/wp-json\/wp\/v2\/media?parent=296"}],"wp:term":[{"taxonomy":"category","embeddable":true,"href":"https:\/\/www.prelud.hu\/index.php\/wp-json\/wp\/v2\/categories?post=296"},{"taxonomy":"post_tag","embeddable":true,"href":"https:\/\/www.prelud.hu\/index.php\/wp-json\/wp\/v2\/tags?post=296"}],"curies":[{"name":"wp","href":"https:\/\/api.w.org\/{rel}","templated":true}]}}