{"id":367,"date":"2020-05-11T08:40:23","date_gmt":"2020-05-11T08:40:23","guid":{"rendered":"https:\/\/www.prelud.hu\/?p=367"},"modified":"2020-05-11T08:45:06","modified_gmt":"2020-05-11T08:45:06","slug":"2020-2021-es-tanev-felveteli-tajekoztato","status":"publish","type":"post","link":"https:\/\/www.prelud.hu\/index.php\/2020\/05\/11\/2020-2021-es-tanev-felveteli-tajekoztato\/","title":{"rendered":"2020\/2021-es tan\u00e9v felv\u00e9teli t\u00e1j\u00e9koztat\u00f3"},"content":{"rendered":"<p><strong><img loading=\"lazy\" decoding=\"async\" class=\"size-thumbnail wp-image-173 alignleft\" src=\"https:\/\/www.prelud.hu\/wp-content\/uploads\/2018\/04\/preludfelveteli-150x150.jpg\" alt=\"\" width=\"150\" height=\"150\" \/>Kedves zenetanul\u00e1s ir\u00e1nt \u00e9rdekl\u0151d\u0151 Gyerekek, kedves Sz\u00fcl\u0151k!<\/strong><\/p>\n<p><strong>A Bicskei Prel\u00fadium Alapfok\u00fa M\u0171v\u00e9szeti Iskola a 2020\/2021-es tan\u00e9vre alapfok\u00fa m\u0171v\u00e9szeti (zenei, sz\u00ednj\u00e1t\u00e9k, n\u00e9pt\u00e1nc) tanulm\u00e1nyokra felv\u00e9telt hirdet. <\/strong><\/p>\n<p><!--more--><\/p>\n<p><strong>K\u00e9rj\u00fck, hogy az \u00e9rdekl\u0151d\u0151k a <em><a href=\"https:\/\/www.prelud.hu\/index.php\/letoltheto-nyomtatvanyok\/\">jelentkez\u00e9si lapot t\u00f6lts\u00e9k ki<\/a> <\/em>\u00e9s az al\u00e1bbi m\u00f3dok egyik\u00e9vel int\u00e9zm\u00e9ny\u00fcnkbe juttass\u00e1k el:<\/strong><\/p>\n<p><strong>e-mailben: <\/strong><a href=\"mailto:prelud.bicske@gmail.com\"><strong>prelud.bicske@gmail.com<\/strong><\/a><\/p>\n<p><strong>szem\u00e9lyesen vagy postai \u00faton: 2060 Bicske, Szent Istv\u00e1n \u00fat 6.<\/strong><\/p>\n<p><strong>T\u00e1j\u00e9koztatjuk a kedves Sz\u00fcl\u0151ket, hogy az \u00fajonnan jelentkez\u0151 gyermekek sz\u00e1m\u00e1ra <\/strong><strong>(felv\u00e9teli)<\/strong>\u00a0<strong>meghallgat\u00e1st a jelenlegi vesz\u00e9lyhelyzet miatt v\u00e1rhat\u00f3an csak augusztus v\u00e9g\u00e9n tartunk, melynek pontos id\u0151pontj\u00e1r\u00f3l a ny\u00e1r folyam\u00e1n k\u00fcld\u00fcnk \u00e9rtes\u00edt\u00e9st.<\/strong><\/p>\n<p><strong><u>A zenei tanulm\u00e1nyokra jelentkez\u0151 gyermek sz\u00e1m\u00e1ra a meghallgat\u00e1s a k\u00f6vetkez\u0151ket tartalmazza:<\/u><\/strong><\/p>\n<ol>\n<li>Koll\u00e9g\u00e1ink \u00e1ltal bemutatott r\u00f6vid, egyszer\u0171 ritmus visszatapsol\u00e1sa<\/li>\n<li>N\u00e9h\u00e1ny hangb\u00f3l \u00e1ll\u00f3 dallam hall\u00e1s ut\u00e1ni vissza\u00e9nekl\u00e9se<\/li>\n<li>Kor\u00e1nak megfelel\u0151 szint\u0171 gyermekdal \u00f6n\u00e1ll\u00f3an el\u00e9nekl\u00e9se<\/li>\n<\/ol>\n<p><strong><u>A sz\u00ednj\u00e1t\u00e9k tanulm\u00e1nyokra jelentkez\u0151 gyermek sz\u00e1m\u00e1ra a meghallgat\u00e1s a k\u00f6vetkez\u0151ket tartalmazza:<\/u><\/strong><\/p>\n<ol>\n<li>Kor\u00e1nak megfelel\u0151 (r\u00f6vid) vers\/sz\u00f6veg \u00f6n\u00e1ll\u00f3 el\u0151ad\u00e1sa<\/li>\n<li>J\u00e1t\u00e9kos feladat megold\u00e1sa<\/li>\n<\/ol>\n<p><strong><u>V\u00e1laszthat\u00f3 tant\u00e1rgyak:<\/u><\/strong><\/p>\n<p>szolf\u00e9zs el\u0151k\u00e9pz\u0151, n\u00e9pt\u00e1nc, zongora, szintetiz\u00e1tor, sz\u00ednj\u00e1t\u00e9k, heged\u0171, gordonka, git\u00e1r, fuvola, klarin\u00e9t, szaxofon, trombita, tuba, \u00fct\u0151hangszerek, n\u00e9pi\u00e9nek, n\u00e9pi heged\u0171, n\u00e9pi br\u00e1csa, n\u00e9pi furulya<\/p>\n<p><strong>\u00a0<\/strong><strong>Minden <\/strong><strong>m\u0171v\u00e9szet<\/strong><strong> ir\u00e1nt \u00e9rdekl\u0151d\u0151 gyermeket szeretettel v\u00e1runk!<\/strong><\/p>\n","protected":false},"excerpt":{"rendered":"<p>Kedves zenetanul\u00e1s ir\u00e1nt \u00e9rdekl\u0151d\u0151 Gyerekek, kedves Sz\u00fcl\u0151k! A Bicskei Prel\u00fadium Alapfok\u00fa M\u0171v\u00e9szeti Iskola a 2020\/2021-es tan\u00e9vre alapfok\u00fa m\u0171v\u00e9szeti (zenei, sz\u00ednj\u00e1t\u00e9k, n\u00e9pt\u00e1nc) tanulm\u00e1nyokra felv\u00e9telt hirdet.<\/p>\n","protected":false},"author":2,"featured_media":0,"comment_status":"closed","ping_status":"closed","sticky":false,"template":"","format":"standard","meta":{"footnotes":""},"categories":[1],"tags":[],"class_list":["post-367","post","type-post","status-publish","format-standard","hentry","category-egyeb"],"_links":{"self":[{"href":"https:\/\/www.prelud.hu\/index.php\/wp-json\/wp\/v2\/posts\/367","targetHints":{"allow":["GET"]}}],"collection":[{"href":"https:\/\/www.prelud.hu\/index.php\/wp-json\/wp\/v2\/posts"}],"about":[{"href":"https:\/\/www.prelud.hu\/index.php\/wp-json\/wp\/v2\/types\/post"}],"author":[{"embeddable":true,"href":"https:\/\/www.prelud.hu\/index.php\/wp-json\/wp\/v2\/users\/2"}],"replies":[{"embeddable":true,"href":"https:\/\/www.prelud.hu\/index.php\/wp-json\/wp\/v2\/comments?post=367"}],"version-history":[{"count":3,"href":"https:\/\/www.prelud.hu\/index.php\/wp-json\/wp\/v2\/posts\/367\/revisions"}],"predecessor-version":[{"id":371,"href":"https:\/\/www.prelud.hu\/index.php\/wp-json\/wp\/v2\/posts\/367\/revisions\/371"}],"wp:attachment":[{"href":"https:\/\/www.prelud.hu\/index.php\/wp-json\/wp\/v2\/media?parent=367"}],"wp:term":[{"taxonomy":"category","embeddable":true,"href":"https:\/\/www.prelud.hu\/index.php\/wp-json\/wp\/v2\/categories?post=367"},{"taxonomy":"post_tag","embeddable":true,"href":"https:\/\/www.prelud.hu\/index.php\/wp-json\/wp\/v2\/tags?post=367"}],"curies":[{"name":"wp","href":"https:\/\/api.w.org\/{rel}","templated":true}]}}