{"id":495,"date":"2022-01-10T17:54:53","date_gmt":"2022-01-10T17:54:53","guid":{"rendered":"https:\/\/www.prelud.hu\/?p=495"},"modified":"2022-01-10T17:56:39","modified_gmt":"2022-01-10T17:56:39","slug":"megvalosult-palyazat-ntp-tfj-20-0037","status":"publish","type":"post","link":"https:\/\/www.prelud.hu\/index.php\/2022\/01\/10\/megvalosult-palyazat-ntp-tfj-20-0037\/","title":{"rendered":"Megval\u00f3sult p\u00e1ly\u00e1zat \u2013 NTP-TFJ-20-0037"},"content":{"rendered":"<p>A Bicskei Prel\u00fadium Alapfok\u00fa M\u0171v\u00e9szeti Iskola kiv\u00e1l\u00f3ra min\u0151s\u00edtett szakmai programmal dolgozik. 2016 \u00f3ta Kiv\u00e1l\u00f3ra akkredit\u00e1lt Tehets\u00e9gpontk\u00e9nt m\u0171k\u00f6d\u00fcnk.<\/p>\n<p>Tehets\u00e9ggondoz\u00f3 munk\u00e1nk egyik meghat\u00e1roz\u00f3 eleme az \u00f6sszm\u0171v\u00e9szeti nevel\u00e9s. 10 \u00e9ve szervez\u00fcnk nyaranta m\u0171v\u00e9szeti t\u00e1borokat, melyek 2013 \u00f3ta \u2013 a sikeres NTP-s p\u00e1ly\u00e1zatoknak k\u00f6sz\u00f6nhet\u0151n \u2013 \u00f6sszm\u0171v\u00e9szeti, tehets\u00e9ggondoz\u00f3 munk\u00e1nk cs\u00facspontj\u00e1v\u00e1 nemes\u00fcltek.<\/p>\n<p><!--more--><\/p>\n<p>Az NTP-TFJ-20-00037 p\u00e1ly\u00e1zati t\u00e1mogat\u00e1s seg\u00edts\u00e9g\u00e9vel hangtechnikai eszk\u00f6z\u00f6ket szerezt\u00fcnk be, egy Soundcraft digit\u00e1lis kever\u0151t, mikrofonokat, akt\u00edv hangfalakat. A beszerzett technikai eszk\u00f6z\u00f6ket els\u0151 alkalommal 2021.06.15-\u00e9n, iskol\u00e1nk tan\u00e9vz\u00e1r\u00f3 \u00fcnneps\u00e9g\u00e9n haszn\u00e1ltuk, melyek seg\u00edts\u00e9g\u00e9vel az ott elhangzott zenem\u0171vek, valamint a besz\u00e9dek t\u00f6k\u00e9letes min\u0151s\u00e9gben sz\u00f3lalhattak meg. Sz\u00fcks\u00e9g is volt erre, mert a rendezv\u00e9nyt az udvaron tartottuk, ahol a nagy sz\u00e1m\u00fa k\u00f6z\u00f6ns\u00e9g, sz\u00fcl\u0151k, gyerekek \u00edgy \u00e9lvezettel hallgathatt\u00e1k az elhangzottakat.<\/p>\n<p>A k\u00f6vetkez\u0151 alkalom ny\u00e1ri \u00f6sszm\u0171v\u00e9szeti t\u00e1borunk z\u00e1r\u00f3 esem\u00e9nye volt, ahol iskol\u00e1nk zenekara, valamint a dr\u00e1ma tagozat n\u00f6vend\u00e9kei kieg\u00e9sz\u00fclve a k\u00e9pz\u0151m\u0171v\u00e9sz tagozat tanul\u00f3ival komplex produkci\u00f3t adott el\u0151. Itt m\u00e1r tudtuk haszn\u00e1lni az \u00faj eszk\u00f6zeinket, a besz\u00e9d- \u00e9s t\u00e9rmikrofonokat, valamint a hangos\u00edt\u00f3 berendez\u00e9st.<\/p>\n<p>\u00d6sszm\u0171v\u00e9szeti programunk 7 \u00e9ves, sikeres m\u00faltra tekint vissza, ez id\u0151 alatt kialakult a programban r\u00e9sztvev\u0151k k\u00f6re. Az \u0151 szeml\u00e9letform\u00e1l\u00e1sukban ez a technikai fejleszt\u00e9s az ig\u00e9nyes hangz\u00e1ssal, f\u00e9nyhat\u00e1ssal, a prec\u00edzen begyakorolt technikai eszk\u00f6z haszn\u00e1lattal tov\u00e1bb er\u0151s\u00edtette a gyermekekben a prec\u00edz sz\u00ednvonalas munkav\u00e9gz\u00e9s, a felk\u00e9sz\u00fclts\u00e9g fontoss\u00e1g\u00e1t. A sz\u00ednvonalas m\u0171v\u00e9szeti alkot\u00e1sok ir\u00e1nti ig\u00e9ny kialak\u00edt\u00e1s\u00e1t c\u00e9lozta \u00e9s szolg\u00e1lta a fejleszt\u00e9s.<\/p>\n<p>A t\u00e1rgyi eszk\u00f6z\u00f6k seg\u00edts\u00e9g\u00e9vel a gyermekek az elv\u00e9gzett komoly munka ut\u00e1n a projekt v\u00e9gezt\u00e9vel a bemutatott produkci\u00f3 alkalm\u00e1val nagy \u00f6r\u00f6mmel fogadt\u00e1k, hogy az el\u0151ad\u00e1suk j\u00f3 min\u0151s\u00e9g\u0171 hangos\u00edt\u00e1ssal sz\u00f3lal meg. Mindezt m\u00e1r a pr\u00f3b\u00e1k sor\u00e1n megtapasztalhatt\u00e1k. Emiatt a felk\u00e9sz\u00fcl\u00e9st is m\u00e9g nagyobb kedvvel v\u00e9gezt\u00e9k.<\/p>\n<p>A gyermekek a hangtechnikai eszk\u00f6z\u00f6k seg\u00edts\u00e9g\u00e9vel az udvaron tartott pr\u00f3b\u00e1k alkalm\u00e1val, majd az el\u0151ad\u00e1son is j\u00f3 min\u0151s\u00e9g\u0171 hangos\u00edt\u00e1s seg\u00edts\u00e9g\u00e9vel adhatt\u00e1k el\u0151, amit tanultak. Ez nagy m\u00e9rt\u00e9kben hozz\u00e1j\u00e1rult mind a besz\u00e9d, mind a hangszerek hangz\u00e1s\u00e1nak \u00e9lm\u00e9nyszer\u0171bb\u00e9 t\u00e9tel\u00e9hez.<\/p>\n<p>A m\u00e1r eml\u00edtett projektz\u00e1r\u00f3n mind a tanul\u00f3k, mind a tan\u00e1rok \u00e9s a sz\u00fcl\u0151k egybehangz\u00f3 v\u00e9lem\u00e9nye szerint a megszerzett t\u00e1rgyi eszk\u00f6z\u00f6k messzemen\u0151en hozz\u00e1j\u00e1rultak az esem\u00e9ny magas sz\u00ednvonal\u00fa megval\u00f3sul\u00e1s\u00e1hoz.<\/p>\n<p><a href=\"https:\/\/www.prelud.hu\/wp-content\/uploads\/2022\/01\/kep.png\"><img loading=\"lazy\" decoding=\"async\" class=\"alignnone size-full wp-image-498\" src=\"https:\/\/www.prelud.hu\/wp-content\/uploads\/2022\/01\/kep.png\" alt=\"\" width=\"394\" height=\"128\" srcset=\"https:\/\/www.prelud.hu\/wp-content\/uploads\/2022\/01\/kep.png 394w, https:\/\/www.prelud.hu\/wp-content\/uploads\/2022\/01\/kep-300x97.png 300w\" sizes=\"auto, (max-width: 394px) 100vw, 394px\" \/><\/a><a href=\"https:\/\/www.prelud.hu\/wp-content\/uploads\/2022\/01\/kep2.png\">.<img loading=\"lazy\" decoding=\"async\" class=\"alignnone size-full wp-image-497\" src=\"https:\/\/www.prelud.hu\/wp-content\/uploads\/2022\/01\/kep2.png\" alt=\"\" width=\"342\" height=\"147\" srcset=\"https:\/\/www.prelud.hu\/wp-content\/uploads\/2022\/01\/kep2.png 342w, https:\/\/www.prelud.hu\/wp-content\/uploads\/2022\/01\/kep2-300x129.png 300w\" sizes=\"auto, (max-width: 342px) 100vw, 342px\" \/><\/a><\/p>\n","protected":false},"excerpt":{"rendered":"<p>A Bicskei Prel\u00fadium Alapfok\u00fa M\u0171v\u00e9szeti Iskola kiv\u00e1l\u00f3ra min\u0151s\u00edtett szakmai programmal dolgozik. 2016 \u00f3ta Kiv\u00e1l\u00f3ra akkredit\u00e1lt Tehets\u00e9gpontk\u00e9nt m\u0171k\u00f6d\u00fcnk. Tehets\u00e9ggondoz\u00f3 munk\u00e1nk egyik meghat\u00e1roz\u00f3 eleme az \u00f6sszm\u0171v\u00e9szeti nevel\u00e9s. 10 \u00e9ve szervez\u00fcnk nyaranta m\u0171v\u00e9szeti t\u00e1borokat, melyek 2013 \u00f3ta \u2013 a sikeres NTP-s p\u00e1ly\u00e1zatoknak k\u00f6sz\u00f6nhet\u0151n \u2013 \u00f6sszm\u0171v\u00e9szeti, tehets\u00e9ggondoz\u00f3 munk\u00e1nk cs\u00facspontj\u00e1v\u00e1 nemes\u00fcltek.<\/p>\n","protected":false},"author":2,"featured_media":0,"comment_status":"closed","ping_status":"closed","sticky":false,"template":"","format":"standard","meta":{"footnotes":""},"categories":[1],"tags":[],"class_list":["post-495","post","type-post","status-publish","format-standard","hentry","category-egyeb"],"_links":{"self":[{"href":"https:\/\/www.prelud.hu\/index.php\/wp-json\/wp\/v2\/posts\/495","targetHints":{"allow":["GET"]}}],"collection":[{"href":"https:\/\/www.prelud.hu\/index.php\/wp-json\/wp\/v2\/posts"}],"about":[{"href":"https:\/\/www.prelud.hu\/index.php\/wp-json\/wp\/v2\/types\/post"}],"author":[{"embeddable":true,"href":"https:\/\/www.prelud.hu\/index.php\/wp-json\/wp\/v2\/users\/2"}],"replies":[{"embeddable":true,"href":"https:\/\/www.prelud.hu\/index.php\/wp-json\/wp\/v2\/comments?post=495"}],"version-history":[{"count":4,"href":"https:\/\/www.prelud.hu\/index.php\/wp-json\/wp\/v2\/posts\/495\/revisions"}],"predecessor-version":[{"id":501,"href":"https:\/\/www.prelud.hu\/index.php\/wp-json\/wp\/v2\/posts\/495\/revisions\/501"}],"wp:attachment":[{"href":"https:\/\/www.prelud.hu\/index.php\/wp-json\/wp\/v2\/media?parent=495"}],"wp:term":[{"taxonomy":"category","embeddable":true,"href":"https:\/\/www.prelud.hu\/index.php\/wp-json\/wp\/v2\/categories?post=495"},{"taxonomy":"post_tag","embeddable":true,"href":"https:\/\/www.prelud.hu\/index.php\/wp-json\/wp\/v2\/tags?post=495"}],"curies":[{"name":"wp","href":"https:\/\/api.w.org\/{rel}","templated":true}]}}