{"id":534,"date":"2022-06-27T12:21:30","date_gmt":"2022-06-27T12:21:30","guid":{"rendered":"https:\/\/www.prelud.hu\/?p=534"},"modified":"2022-06-27T12:22:09","modified_gmt":"2022-06-27T12:22:09","slug":"tanevzaro-es-epuletatado-unnepseg-etyeken","status":"publish","type":"post","link":"https:\/\/www.prelud.hu\/index.php\/2022\/06\/27\/tanevzaro-es-epuletatado-unnepseg-etyeken\/","title":{"rendered":"Tan\u00e9vz\u00e1r\u00f3 \u00e9s \u00e9p\u00fclet\u00e1tad\u00f3 \u00fcnneps\u00e9g Etyeken"},"content":{"rendered":"<p><a href=\"https:\/\/www.prelud.hu\/wp-content\/uploads\/2022\/06\/atado-Etyek.jpg\"><img loading=\"lazy\" decoding=\"async\" class=\"alignleft wp-image-535 size-medium\" src=\"https:\/\/www.prelud.hu\/wp-content\/uploads\/2022\/06\/atado-Etyek-300x169.jpg\" alt=\"\" width=\"300\" height=\"169\" srcset=\"https:\/\/www.prelud.hu\/wp-content\/uploads\/2022\/06\/atado-Etyek-300x169.jpg 300w, https:\/\/www.prelud.hu\/wp-content\/uploads\/2022\/06\/atado-Etyek-768x432.jpg 768w, https:\/\/www.prelud.hu\/wp-content\/uploads\/2022\/06\/atado-Etyek.jpg 850w\" sizes=\"auto, (max-width: 300px) 100vw, 300px\" \/><\/a><\/p>\n<p style=\"text-align: left;\">2022. j\u00fanius 22-\u00e9n az \u00e1ltal\u00e1nos iskol\u00e1val k\u00f6z\u00f6sen tartottuk \u00e9vz\u00e1r\u00f3 \u00fcnneps\u00e9g\u00fcnket etyeki telephely\u00fcnk\u00f6n.<\/p>\n<p>A rendezv\u00e9ny rangj\u00e1t emelte, hogy a tan\u00e9vz\u00e1r\u00f3ra a m\u0171v\u00e9szeti iskola \u00e9p\u00fcletfel\u00faj\u00edt\u00e1sa befejez\u0151d\u00f6tt, \u00edgy lehet\u0151s\u00e9g\u00fcnk volt a k\u00e9t esem\u00e9nyt \u00f6sszekapcsolni.<\/p>\n<p>A m\u0171v\u00e9szeti iskola n\u00e9h\u00e1ny \u00e9ve vesz\u00e9lybe ker\u00fclt, de mostanra siker\u00fclt az \u00e9p\u00fclet bels\u0151 rekonstrukci\u00f3j\u00e1t megval\u00f3s\u00edtani. Az \u00e9vz\u00e1r\u00f3n megjelent T\u00f6r\u00f6k Szabolcs, a Sz\u00e9kesfeh\u00e9rv\u00e1ri Tanker\u00fclet igazgat\u00f3ja. Besz\u00e9d\u00e9ben elmondta: a Magyar falu programb\u00f3l p\u00e1ly\u00e1zaton elnyertek \u00f6tvenn\u00e9gymilli\u00f3 forintot, ebb\u0151l siker\u00fclt \u00e9v k\u00f6zben a fel\u00faj\u00edt\u00e1s. K\u00f6sz\u00f6netet mondott a t\u00fcrelem\u00e9rt, a pedag\u00f3gusok munk\u00e1j\u00e1\u00e9rt s f\u0151k\u00e9nt a sz\u00fcl\u0151k \u00e9s a k\u00f6zs\u00e9gbeliek \u00f6nk\u00e9ntes tev\u00e9kenys\u00e9g\u00e9\u00e9rt.<\/p>\n<p>T\u00f6r\u00f6k Szabolcs biztatta a di\u00e1kokat, legyenek \u00e1lmaik, s a jellemz\u0151 pesszimizmus legy\u0151z\u00e9s\u00e9re utalt, hiszen Etyeken \u2013 a korm\u00e1nyzati t\u00e1mogat\u00e1s mellett &#8211; \u00e9ppen az \u00f6sszefog\u00e1s \u00e9s a kitart\u00e1s eredm\u00e9nye az iskolai fejleszt\u00e9s.<\/p>\n<p>A 2022\/2023-as tan\u00e9vben meg\u00fajult k\u00f6rnyezeteben folytat\u00f3dik a m\u0171v\u00e9szeti nevel\u00e9s a zenei, a k\u00e9pz\u0151m\u0171v\u00e9szeti, a dr\u00e1ma \u00e9s sz\u00ednj\u00e1t\u00e9k tanszakokon \u00e9s \u0151szt\u0151l \u00fajra ind\u00edtjuk a n\u00e9pt\u00e1nc tan\u00edt\u00e1s\u00e1t is.<\/p>\n","protected":false},"excerpt":{"rendered":"<p>2022. j\u00fanius 22-\u00e9n az \u00e1ltal\u00e1nos iskol\u00e1val k\u00f6z\u00f6sen tartottuk \u00e9vz\u00e1r\u00f3 \u00fcnneps\u00e9g\u00fcnket etyeki telephely\u00fcnk\u00f6n. A rendezv\u00e9ny rangj\u00e1t emelte, hogy a tan\u00e9vz\u00e1r\u00f3ra a m\u0171v\u00e9szeti iskola \u00e9p\u00fcletfel\u00faj\u00edt\u00e1sa befejez\u0151d\u00f6tt, \u00edgy lehet\u0151s\u00e9g\u00fcnk volt a k\u00e9t esem\u00e9nyt \u00f6sszekapcsolni. A m\u0171v\u00e9szeti iskola n\u00e9h\u00e1ny \u00e9ve vesz\u00e9lybe ker\u00fclt, de mostanra siker\u00fclt az \u00e9p\u00fclet bels\u0151 rekonstrukci\u00f3j\u00e1t megval\u00f3s\u00edtani. Az \u00e9vz\u00e1r\u00f3n megjelent T\u00f6r\u00f6k Szabolcs, a Sz\u00e9kesfeh\u00e9rv\u00e1ri Tanker\u00fclet igazgat\u00f3ja. [&hellip;]<\/p>\n","protected":false},"author":2,"featured_media":0,"comment_status":"closed","ping_status":"closed","sticky":false,"template":"","format":"standard","meta":{"footnotes":""},"categories":[1],"tags":[],"class_list":["post-534","post","type-post","status-publish","format-standard","hentry","category-egyeb"],"_links":{"self":[{"href":"https:\/\/www.prelud.hu\/index.php\/wp-json\/wp\/v2\/posts\/534","targetHints":{"allow":["GET"]}}],"collection":[{"href":"https:\/\/www.prelud.hu\/index.php\/wp-json\/wp\/v2\/posts"}],"about":[{"href":"https:\/\/www.prelud.hu\/index.php\/wp-json\/wp\/v2\/types\/post"}],"author":[{"embeddable":true,"href":"https:\/\/www.prelud.hu\/index.php\/wp-json\/wp\/v2\/users\/2"}],"replies":[{"embeddable":true,"href":"https:\/\/www.prelud.hu\/index.php\/wp-json\/wp\/v2\/comments?post=534"}],"version-history":[{"count":3,"href":"https:\/\/www.prelud.hu\/index.php\/wp-json\/wp\/v2\/posts\/534\/revisions"}],"predecessor-version":[{"id":538,"href":"https:\/\/www.prelud.hu\/index.php\/wp-json\/wp\/v2\/posts\/534\/revisions\/538"}],"wp:attachment":[{"href":"https:\/\/www.prelud.hu\/index.php\/wp-json\/wp\/v2\/media?parent=534"}],"wp:term":[{"taxonomy":"category","embeddable":true,"href":"https:\/\/www.prelud.hu\/index.php\/wp-json\/wp\/v2\/categories?post=534"},{"taxonomy":"post_tag","embeddable":true,"href":"https:\/\/www.prelud.hu\/index.php\/wp-json\/wp\/v2\/tags?post=534"}],"curies":[{"name":"wp","href":"https:\/\/api.w.org\/{rel}","templated":true}]}}