{"id":638,"date":"2023-04-03T16:00:16","date_gmt":"2023-04-03T16:00:16","guid":{"rendered":"https:\/\/www.prelud.hu\/?p=638"},"modified":"2023-04-04T04:55:39","modified_gmt":"2023-04-04T04:55:39","slug":"638","status":"publish","type":"post","link":"https:\/\/www.prelud.hu\/index.php\/2023\/04\/03\/638\/","title":{"rendered":""},"content":{"rendered":"\n<p>Iskol\u00e1nk n\u00f6vend\u00e9ke, Tak\u00e1cs Henrik Leopold a III. Egressy Region\u00e1lis Trombitaversenyen \u00e9s az I. Region\u00e1lis R\u00e9zf\u00fav\u00f3s Fesztiv\u00e1lon vett r\u00e9szt, ahol nagy sikerrel szerepelt. Felk\u00e9sz\u00edt\u0151 tan\u00e1ra B\u00e9nyei Tibor. Mindkett\u0151j\u00fcknek sz\u00edvb\u0151l gratul\u00e1lunk!<\/p>\n\n\n\n<figure class=\"wp-block-image size-large is-resized\"><img loading=\"lazy\" decoding=\"async\" src=\"https:\/\/www.prelud.hu\/wp-content\/uploads\/2023\/04\/20230324_171244_auto_custom-768x1024.jpg\" alt=\"\" class=\"wp-image-639\" width=\"205\" height=\"273\" srcset=\"https:\/\/www.prelud.hu\/wp-content\/uploads\/2023\/04\/20230324_171244_auto_custom-768x1024.jpg 768w, https:\/\/www.prelud.hu\/wp-content\/uploads\/2023\/04\/20230324_171244_auto_custom-225x300.jpg 225w, https:\/\/www.prelud.hu\/wp-content\/uploads\/2023\/04\/20230324_171244_auto_custom-1152x1536.jpg 1152w, https:\/\/www.prelud.hu\/wp-content\/uploads\/2023\/04\/20230324_171244_auto_custom-1536x2048.jpg 1536w, https:\/\/www.prelud.hu\/wp-content\/uploads\/2023\/04\/20230324_171244_auto_custom-1200x1600.jpg 1200w, https:\/\/www.prelud.hu\/wp-content\/uploads\/2023\/04\/20230324_171244_auto_custom-scaled.jpg 1920w\" sizes=\"auto, (max-width: 205px) 100vw, 205px\" \/><\/figure>\n\n\n\n<figure class=\"wp-block-image size-large is-resized\"><img loading=\"lazy\" decoding=\"async\" src=\"https:\/\/www.prelud.hu\/wp-content\/uploads\/2023\/04\/received_579495114108661-768x1024.jpeg\" alt=\"\" class=\"wp-image-640\" width=\"205\" height=\"274\" srcset=\"https:\/\/www.prelud.hu\/wp-content\/uploads\/2023\/04\/received_579495114108661-768x1024.jpeg 768w, https:\/\/www.prelud.hu\/wp-content\/uploads\/2023\/04\/received_579495114108661-225x300.jpeg 225w, https:\/\/www.prelud.hu\/wp-content\/uploads\/2023\/04\/received_579495114108661-1152x1536.jpeg 1152w, https:\/\/www.prelud.hu\/wp-content\/uploads\/2023\/04\/received_579495114108661-1200x1599.jpeg 1200w, https:\/\/www.prelud.hu\/wp-content\/uploads\/2023\/04\/received_579495114108661.jpeg 1301w\" sizes=\"auto, (max-width: 205px) 100vw, 205px\" \/><\/figure>\n","protected":false},"excerpt":{"rendered":"<p>Iskol\u00e1nk n\u00f6vend\u00e9ke, Tak\u00e1cs Henrik Leopold a III. Egressy Region\u00e1lis Trombitaversenyen \u00e9s az I. Region\u00e1lis R\u00e9zf\u00fav\u00f3s Fesztiv\u00e1lon vett r\u00e9szt, ahol nagy sikerrel szerepelt. Felk\u00e9sz\u00edt\u0151 tan\u00e1ra B\u00e9nyei Tibor. Mindkett\u0151j\u00fcknek sz\u00edvb\u0151l gratul\u00e1lunk!<\/p>\n","protected":false},"author":2,"featured_media":0,"comment_status":"closed","ping_status":"closed","sticky":false,"template":"","format":"standard","meta":{"footnotes":""},"categories":[1],"tags":[],"class_list":["post-638","post","type-post","status-publish","format-standard","hentry","category-egyeb"],"_links":{"self":[{"href":"https:\/\/www.prelud.hu\/index.php\/wp-json\/wp\/v2\/posts\/638","targetHints":{"allow":["GET"]}}],"collection":[{"href":"https:\/\/www.prelud.hu\/index.php\/wp-json\/wp\/v2\/posts"}],"about":[{"href":"https:\/\/www.prelud.hu\/index.php\/wp-json\/wp\/v2\/types\/post"}],"author":[{"embeddable":true,"href":"https:\/\/www.prelud.hu\/index.php\/wp-json\/wp\/v2\/users\/2"}],"replies":[{"embeddable":true,"href":"https:\/\/www.prelud.hu\/index.php\/wp-json\/wp\/v2\/comments?post=638"}],"version-history":[{"count":2,"href":"https:\/\/www.prelud.hu\/index.php\/wp-json\/wp\/v2\/posts\/638\/revisions"}],"predecessor-version":[{"id":643,"href":"https:\/\/www.prelud.hu\/index.php\/wp-json\/wp\/v2\/posts\/638\/revisions\/643"}],"wp:attachment":[{"href":"https:\/\/www.prelud.hu\/index.php\/wp-json\/wp\/v2\/media?parent=638"}],"wp:term":[{"taxonomy":"category","embeddable":true,"href":"https:\/\/www.prelud.hu\/index.php\/wp-json\/wp\/v2\/categories?post=638"},{"taxonomy":"post_tag","embeddable":true,"href":"https:\/\/www.prelud.hu\/index.php\/wp-json\/wp\/v2\/tags?post=638"}],"curies":[{"name":"wp","href":"https:\/\/api.w.org\/{rel}","templated":true}]}}